{"id":6982,"date":"2026-04-15T08:14:19","date_gmt":"2026-04-15T06:14:19","guid":{"rendered":"https:\/\/adwokatura.krakow.pl\/adwokaci-i-aplikanci\/?p=6982"},"modified":"2026-04-15T08:15:12","modified_gmt":"2026-04-15T06:15:12","slug":"z-zalem-zawiadamiamy-ze-dnia-12-kwietnia-2026r-odszedl-adw-janusz-dlugopolski","status":"publish","type":"post","link":"https:\/\/adwokatura.krakow.pl\/adwokaci-i-aplikanci\/z-zalem-zawiadamiamy-ze-dnia-12-kwietnia-2026r-odszedl-adw-janusz-dlugopolski\/","title":{"rendered":"Z \u017calem zawiadamiamy, \u017ce dnia 12 kwietnia 2026r. odszed\u0142 adw. Janusz D\u0142ugopolski"},"content":{"rendered":"<div class=\"wp-block-image\">\n<figure class=\"aligncenter size-full is-resized\"><img loading=\"lazy\" decoding=\"async\" width=\"720\" height=\"959\" src=\"https:\/\/adwokatura.krakow.pl\/adwokaci-i-aplikanci\/wp-content\/uploads\/sites\/2\/2026\/04\/adw.-Janusz-Dlugopolski.jpg\" alt=\"\" class=\"wp-image-6983\" style=\"aspect-ratio:0.7507835586997403;width:487px;height:auto\" srcset=\"https:\/\/adwokatura.krakow.pl\/adwokaci-i-aplikanci\/wp-content\/uploads\/sites\/2\/2026\/04\/adw.-Janusz-Dlugopolski.jpg 720w, https:\/\/adwokatura.krakow.pl\/adwokaci-i-aplikanci\/wp-content\/uploads\/sites\/2\/2026\/04\/adw.-Janusz-Dlugopolski-225x300.jpg 225w\" sizes=\"auto, (max-width: 720px) 100vw, 720px\" \/><\/figure>\n<\/div>\n\n\n<p class=\"has-text-align-center\">Z \u017calem zawiadamiamy, \u017ce dnia 12 kwietnia 2026 roku odszed\u0142<\/p>\n\n\n\n<p class=\"has-text-align-center\"><strong>\u015a + P<\/strong><\/p>\n\n\n\n<p class=\"has-text-align-center\"><strong>adwokat<\/strong><\/p>\n\n\n\n<p class=\"has-text-align-center\"><strong>Janusz D\u0142ugopolski<\/strong><strong><\/strong><\/p>\n\n\n\n<p class=\"has-text-align-center\">Ceniony prawnik, zas\u0142u\u017cony dla samorz\u0105du adwokackiego,\u00a0szanowany, lubiany Kolega, Uhonorowany odznak\u0105 Adwokatura Zas\u0142u\u017conym oraz Medalem PRO LEGE ET LIBERTATE, Wieloletni Cz\u0142onek \u00a0i Rzecznik Dyscyplinarny ORA, S\u0119dzia Wy\u017cszego S\u0105du Dyscyplinarnego, Cz\u0142onek Komisji Szkolenia Aplikant\u00f3w Adwokackich, Cz\u0142onek NRA i Prezydium NRA, Rzecznik Dyscyplinarny NRA, Cz\u0142onek Komisji Prawnej ORA, Delegat na Krajowe Zjazdy Adwokatury, Cz\u0142onek S\u0105du Dyscyplinarnego, Wychowawca wielu pokole\u0144 adwokat\u00f3w i aplikant\u00f3w adwokackich.<\/p>\n\n\n\n<p class=\"has-text-align-center\">Msza \u015awi\u0119ta \u017ba\u0142obna odprawiona zostanie<\/p>\n\n\n\n<p class=\"has-text-align-center\"><strong>w Kolegiacie \u015bw. Anny, ul. \u015bw. Anny 11 w Krakowie<\/strong><br><strong>w dniu 20 kwietnia 2026 roku o godz. 11.00.<\/strong><\/p>\n\n\n\n<p class=\"has-text-align-center\">Odprowadzenie Zmar\u0142ego na miejsce wiecznego spoczynku odb\u0119dziesi\u0119<strong>o godz. 12.45\u00a0 od g\u0142\u00f3wnej bramy Cmentarza Salwatorskiego<\/strong><\/p>\n\n\n\n<p class=\"has-text-align-center\">Najbli\u017cszym sk\u0142adamy wyrazy g\u0142\u0119bokiego wsp\u00f3\u0142czucia<\/p>\n\n\n\n<p class=\"has-text-align-center\">Pogr\u0105\u017ceni w smutku<\/p>\n\n\n\n<p class=\"has-text-align-center\"><em>Dziekan,<\/em><\/p>\n\n\n\n<p class=\"has-text-align-center\"><em>Okr\u0119gowa Rada Adwokacka,<\/em><\/p>\n\n\n\n<p class=\"has-text-align-center\"><em>Adwokaci i Aplikanci Adwokaccy Krakowskiej Izby Adwokackiej,<\/em><\/p>\n\n\n\n<p class=\"has-text-align-center\"><em>Pracownicy biura ORA<\/em><\/p>\n\n\n\n<p><\/p>\n","protected":false},"excerpt":{"rendered":"<p>Z \u017calem zawiadamiamy, \u017ce dnia 12 kwietnia 2026 roku odszed\u0142 \u015a + P adwokat Janusz D\u0142ugopolski Ceniony prawnik, zas\u0142u\u017cony dla samorz\u0105du adwokackiego,\u00a0szanowany, lubiany Kolega, Uhonorowany odznak\u0105 Adwokatura Zas\u0142u\u017conym oraz Medalem PRO LEGE ET LIBERTATE, Wieloletni Cz\u0142onek \u00a0i Rzecznik Dyscyplinarny ORA, S\u0119dzia Wy\u017cszego S\u0105du Dyscyplinarnego, Cz\u0142onek Komisji Szkolenia Aplikant\u00f3w Adwokackich, Cz\u0142onek NRA i Prezydium NRA, Rzecznik [&hellip;]<\/p>\n","protected":false},"author":9,"featured_media":0,"comment_status":"closed","ping_status":"closed","sticky":false,"template":"","format":"standard","meta":{"_acf_changed":false,"inline_featured_image":false,"footnotes":""},"categories":[6],"tags":[],"class_list":["post-6982","post","type-post","status-publish","format-standard","hentry","category-artykuly"],"acf":[],"_links":{"self":[{"href":"https:\/\/adwokatura.krakow.pl\/adwokaci-i-aplikanci\/wp-json\/wp\/v2\/posts\/6982","targetHints":{"allow":["GET"]}}],"collection":[{"href":"https:\/\/adwokatura.krakow.pl\/adwokaci-i-aplikanci\/wp-json\/wp\/v2\/posts"}],"about":[{"href":"https:\/\/adwokatura.krakow.pl\/adwokaci-i-aplikanci\/wp-json\/wp\/v2\/types\/post"}],"author":[{"embeddable":true,"href":"https:\/\/adwokatura.krakow.pl\/adwokaci-i-aplikanci\/wp-json\/wp\/v2\/users\/9"}],"replies":[{"embeddable":true,"href":"https:\/\/adwokatura.krakow.pl\/adwokaci-i-aplikanci\/wp-json\/wp\/v2\/comments?post=6982"}],"version-history":[{"count":3,"href":"https:\/\/adwokatura.krakow.pl\/adwokaci-i-aplikanci\/wp-json\/wp\/v2\/posts\/6982\/revisions"}],"predecessor-version":[{"id":6986,"href":"https:\/\/adwokatura.krakow.pl\/adwokaci-i-aplikanci\/wp-json\/wp\/v2\/posts\/6982\/revisions\/6986"}],"wp:attachment":[{"href":"https:\/\/adwokatura.krakow.pl\/adwokaci-i-aplikanci\/wp-json\/wp\/v2\/media?parent=6982"}],"wp:term":[{"taxonomy":"category","embeddable":true,"href":"https:\/\/adwokatura.krakow.pl\/adwokaci-i-aplikanci\/wp-json\/wp\/v2\/categories?post=6982"},{"taxonomy":"post_tag","embeddable":true,"href":"https:\/\/adwokatura.krakow.pl\/adwokaci-i-aplikanci\/wp-json\/wp\/v2\/tags?post=6982"}],"curies":[{"name":"wp","href":"https:\/\/api.w.org\/{rel}","templated":true}]}}