{"id":7017,"date":"2026-04-21T09:38:16","date_gmt":"2026-04-21T07:38:16","guid":{"rendered":"https:\/\/adwokatura.krakow.pl\/adwokaci-i-aplikanci\/?p=7017"},"modified":"2026-04-21T09:38:16","modified_gmt":"2026-04-21T07:38:16","slug":"konferencja-sedziow-sadow-dyscyplinarnych","status":"publish","type":"post","link":"https:\/\/adwokatura.krakow.pl\/adwokaci-i-aplikanci\/konferencja-sedziow-sadow-dyscyplinarnych\/","title":{"rendered":"Konferencja S\u0119dzi\u00f3w S\u0105d\u00f3w Dyscyplinarnych"},"content":{"rendered":"\n<div class=\"wp-block-columns is-layout-flex wp-container-core-columns-is-layout-9d6595d7 wp-block-columns-is-layout-flex\">\n<div class=\"wp-block-column is-layout-flow wp-block-column-is-layout-flow\">\n<figure class=\"wp-block-image size-large\"><img loading=\"lazy\" decoding=\"async\" width=\"683\" height=\"1024\" src=\"http:\/\/adwokatura.krakow.pl\/adwokaci-i-aplikanci\/wp-content\/uploads\/sites\/2\/2026\/04\/675264715_1599162772212506_1062845925880783087_n-683x1024.jpg\" alt=\"\" class=\"wp-image-7001\" srcset=\"https:\/\/adwokatura.krakow.pl\/adwokaci-i-aplikanci\/wp-content\/uploads\/sites\/2\/2026\/04\/675264715_1599162772212506_1062845925880783087_n-683x1024.jpg 683w, https:\/\/adwokatura.krakow.pl\/adwokaci-i-aplikanci\/wp-content\/uploads\/sites\/2\/2026\/04\/675264715_1599162772212506_1062845925880783087_n-200x300.jpg 200w, https:\/\/adwokatura.krakow.pl\/adwokaci-i-aplikanci\/wp-content\/uploads\/sites\/2\/2026\/04\/675264715_1599162772212506_1062845925880783087_n-768x1152.jpg 768w, https:\/\/adwokatura.krakow.pl\/adwokaci-i-aplikanci\/wp-content\/uploads\/sites\/2\/2026\/04\/675264715_1599162772212506_1062845925880783087_n-1024x1536.jpg 1024w, https:\/\/adwokatura.krakow.pl\/adwokaci-i-aplikanci\/wp-content\/uploads\/sites\/2\/2026\/04\/675264715_1599162772212506_1062845925880783087_n.jpg 1365w\" sizes=\"auto, (max-width: 683px) 100vw, 683px\" \/><\/figure>\n<\/div>\n\n\n\n<div class=\"wp-block-column is-layout-flow wp-block-column-is-layout-flow\">\n<figure class=\"wp-block-image size-large\"><img loading=\"lazy\" decoding=\"async\" width=\"768\" height=\"1024\" src=\"http:\/\/adwokatura.krakow.pl\/adwokaci-i-aplikanci\/wp-content\/uploads\/sites\/2\/2026\/04\/674737601_1599162545545862_4228588678517328271_n-768x1024.jpg\" alt=\"\" class=\"wp-image-6994\" srcset=\"https:\/\/adwokatura.krakow.pl\/adwokaci-i-aplikanci\/wp-content\/uploads\/sites\/2\/2026\/04\/674737601_1599162545545862_4228588678517328271_n-768x1024.jpg 768w, https:\/\/adwokatura.krakow.pl\/adwokaci-i-aplikanci\/wp-content\/uploads\/sites\/2\/2026\/04\/674737601_1599162545545862_4228588678517328271_n-225x300.jpg 225w, https:\/\/adwokatura.krakow.pl\/adwokaci-i-aplikanci\/wp-content\/uploads\/sites\/2\/2026\/04\/674737601_1599162545545862_4228588678517328271_n-1152x1536.jpg 1152w, https:\/\/adwokatura.krakow.pl\/adwokaci-i-aplikanci\/wp-content\/uploads\/sites\/2\/2026\/04\/674737601_1599162545545862_4228588678517328271_n.jpg 1536w\" sizes=\"auto, (max-width: 768px) 100vw, 768px\" \/><\/figure>\n<\/div>\n<\/div>\n\n\n\n<figure class=\"wp-block-image size-large\"><img loading=\"lazy\" decoding=\"async\" width=\"1024\" height=\"683\" src=\"http:\/\/adwokatura.krakow.pl\/adwokaci-i-aplikanci\/wp-content\/uploads\/sites\/2\/2026\/04\/675261398_1599162908879159_4308801742292655182_n-1024x683.jpg\" alt=\"\" class=\"wp-image-7000\" srcset=\"https:\/\/adwokatura.krakow.pl\/adwokaci-i-aplikanci\/wp-content\/uploads\/sites\/2\/2026\/04\/675261398_1599162908879159_4308801742292655182_n-1024x683.jpg 1024w, https:\/\/adwokatura.krakow.pl\/adwokaci-i-aplikanci\/wp-content\/uploads\/sites\/2\/2026\/04\/675261398_1599162908879159_4308801742292655182_n-300x200.jpg 300w, https:\/\/adwokatura.krakow.pl\/adwokaci-i-aplikanci\/wp-content\/uploads\/sites\/2\/2026\/04\/675261398_1599162908879159_4308801742292655182_n-768x512.jpg 768w, https:\/\/adwokatura.krakow.pl\/adwokaci-i-aplikanci\/wp-content\/uploads\/sites\/2\/2026\/04\/675261398_1599162908879159_4308801742292655182_n-1536x1024.jpg 1536w, https:\/\/adwokatura.krakow.pl\/adwokaci-i-aplikanci\/wp-content\/uploads\/sites\/2\/2026\/04\/675261398_1599162908879159_4308801742292655182_n.jpg 2048w\" sizes=\"auto, (max-width: 1024px) 100vw, 1024px\" \/><\/figure>\n\n\n\n<p><strong>W dniu 18 kwietnia 2026 roku w Krakowie odby\u0142a si\u0119 Konferencja S\u0119dzi\u00f3w S\u0105d\u00f3w Dyscyplinarnych.<\/strong><\/p>\n\n\n\n<p>W spotkaniu udzia\u0142 wzi\u0119li Pa\u0144stwo Prezesi oraz S\u0119dziowie S\u0105d\u00f3w Dyscyplinarnych Izb Adwokackich w Bielsku-Bia\u0142ej, Cz\u0119stochowie, Katowicach, Kielcach, Krakowie, Opolu, Poznaniu oraz Rzeszowie.<\/p>\n\n\n\n<p>Zaproszenie do udzia\u0142u w Konferencji zechcia\u0142 przyj\u0105\u0107 Pan Prezes Wy\u017cszego S\u0105du Dyscyplinarnego adw. Przemys\u0142aw St\u0119ch\u0142y, kt\u00f3ry jednocze\u015bnie podzieli\u0142 si\u0119 swoj\u0105 wiedz\u0105<\/p>\n\n\n\n<p>i do\u015bwiadczeniem prowadz\u0105c wyk\u0142ad nt. \u201eB\u0142\u0119d\u00f3w proceduralnych w orzeczeniach s\u0105d\u00f3w izbowych\u201d.<\/p>\n\n\n\n<p>Konferencj\u0119 w imieniu Krakowskiej Izby Adwokackiej oraz organizator\u00f3w otworzyli: Dziekan KIA adw. Aleksander Gut oraz Prezes S\u0105du Dyscyplinarnego KIA adw. Piotr Ocha\u0142ek.<\/p>\n\n\n\n<p>Nad sprawnym przebiegiem konferencji czuwa\u0142 adw. Wojciech Grybo\u015b &#8211; b\u0119d\u0105cy Wiceprezesem SD KIA.<\/p>\n\n\n\n<p>Podczas Konferencji skupiono si\u0119 na tematyce zwi\u0105zanej z kontrol\u0105 formaln\u0105 i merytoryczn\u0105 wniosku o wszcz\u0119cie post\u0119powania dyscyplinarnego, ustaleniami cywilistycznymi<\/p>\n\n\n\n<p>w post\u0119powaniach dyscyplinarnych, szeroko dyskutowano nad tajemnic\u0105 mediacji, zastanawiano si\u0119 nad zagadnieniami zwi\u0105zanymi z przedawnieniem karalno\u015bci czynu, orzecze\u0144 i wykonalno\u015bci, a nadto poruszone zosta\u0142y kwestie zwi\u0105zane z tajemnic\u0105 adwokack\u0105 przed s\u0105dem dyscyplinarnym.<\/p>\n\n\n\n<p>Wszystkim Uczestnikom \u2013 Prezesom, Panelistom oraz S\u0119dziom s\u0105d\u00f3w izbowych dzi\u0119kujemy za przyj\u0119cie zaproszenia i wsp\u00f3\u0142tworzenie tego wydarzenia, kt\u00f3re sta\u0142o si\u0119 okazj\u0105 nie tylko<\/p>\n\n\n\n<p>do wymiany wiedzy i do\u015bwiadcze\u0144, ale te\u017c mi\u0119dzyizbowej integracji.<\/p>\n\n\n\n<p>Liczymy, \u017ce zapocz\u0105tkowana w Krakowie tradycja spotka\u0144 mi\u0119dzyizbowych b\u0119dzie kontynuowana by\u0107 mo\u017ce w jeszcze szerszym gronie!<\/p>\n\n\n<a class=\"button button--zielony-ze-strzalka\" href=\"https:\/\/adwokatura.krakow.pl\/adwokaci-i-aplikanci\/galeria\/konferencja-sedziow-sadow-dyscyplinarnych\/\">\n        GALERIA ZDJ\u0118\u0106<\/a>\n","protected":false},"excerpt":{"rendered":"<p>W dniu 18 kwietnia 2026 roku w Krakowie odby\u0142a si\u0119 Konferencja S\u0119dzi\u00f3w S\u0105d\u00f3w Dyscyplinarnych. W spotkaniu udzia\u0142 wzi\u0119li Pa\u0144stwo Prezesi oraz S\u0119dziowie S\u0105d\u00f3w Dyscyplinarnych Izb Adwokackich w Bielsku-Bia\u0142ej, Cz\u0119stochowie, Katowicach, Kielcach, Krakowie, Opolu, Poznaniu oraz Rzeszowie. Zaproszenie do udzia\u0142u w Konferencji zechcia\u0142 przyj\u0105\u0107 Pan Prezes Wy\u017cszego S\u0105du Dyscyplinarnego adw. Przemys\u0142aw St\u0119ch\u0142y, kt\u00f3ry jednocze\u015bnie podzieli\u0142 si\u0119 [&hellip;]<\/p>\n","protected":false},"author":9,"featured_media":0,"comment_status":"closed","ping_status":"closed","sticky":false,"template":"","format":"standard","meta":{"_acf_changed":false,"inline_featured_image":false,"footnotes":""},"categories":[6],"tags":[],"class_list":["post-7017","post","type-post","status-publish","format-standard","hentry","category-artykuly"],"acf":[],"_links":{"self":[{"href":"https:\/\/adwokatura.krakow.pl\/adwokaci-i-aplikanci\/wp-json\/wp\/v2\/posts\/7017","targetHints":{"allow":["GET"]}}],"collection":[{"href":"https:\/\/adwokatura.krakow.pl\/adwokaci-i-aplikanci\/wp-json\/wp\/v2\/posts"}],"about":[{"href":"https:\/\/adwokatura.krakow.pl\/adwokaci-i-aplikanci\/wp-json\/wp\/v2\/types\/post"}],"author":[{"embeddable":true,"href":"https:\/\/adwokatura.krakow.pl\/adwokaci-i-aplikanci\/wp-json\/wp\/v2\/users\/9"}],"replies":[{"embeddable":true,"href":"https:\/\/adwokatura.krakow.pl\/adwokaci-i-aplikanci\/wp-json\/wp\/v2\/comments?post=7017"}],"version-history":[{"count":1,"href":"https:\/\/adwokatura.krakow.pl\/adwokaci-i-aplikanci\/wp-json\/wp\/v2\/posts\/7017\/revisions"}],"predecessor-version":[{"id":7018,"href":"https:\/\/adwokatura.krakow.pl\/adwokaci-i-aplikanci\/wp-json\/wp\/v2\/posts\/7017\/revisions\/7018"}],"wp:attachment":[{"href":"https:\/\/adwokatura.krakow.pl\/adwokaci-i-aplikanci\/wp-json\/wp\/v2\/media?parent=7017"}],"wp:term":[{"taxonomy":"category","embeddable":true,"href":"https:\/\/adwokatura.krakow.pl\/adwokaci-i-aplikanci\/wp-json\/wp\/v2\/categories?post=7017"},{"taxonomy":"post_tag","embeddable":true,"href":"https:\/\/adwokatura.krakow.pl\/adwokaci-i-aplikanci\/wp-json\/wp\/v2\/tags?post=7017"}],"curies":[{"name":"wp","href":"https:\/\/api.w.org\/{rel}","templated":true}]}}