{"id":7019,"date":"2026-04-22T12:57:01","date_gmt":"2026-04-22T10:57:01","guid":{"rendered":"https:\/\/adwokatura.krakow.pl\/adwokaci-i-aplikanci\/?p=7019"},"modified":"2026-04-22T12:57:01","modified_gmt":"2026-04-22T10:57:01","slug":"zebranie-adwokatow-nie-wykonujacych-zawodu-18-05-2026-godz-16-00","status":"publish","type":"post","link":"https:\/\/adwokatura.krakow.pl\/adwokaci-i-aplikanci\/zebranie-adwokatow-nie-wykonujacych-zawodu-18-05-2026-godz-16-00\/","title":{"rendered":"Zebranie Adwokat\u00f3w nie wykonuj\u0105cych zawodu 18.05.2026, godz. 16.00"},"content":{"rendered":"\n<p><em>Szanowni Pa\u0144stwo<\/em><\/p>\n\n\n\n<p><em>Poni\u017cej tre\u015b\u0107 zawiadomienia dotycz\u0105ca Zebrania adwokat\u00f3w Krakowskiej Izby Adwokackiej nie wykonuj\u0105cych zawodu w celu wyboru Delegat\u00f3w na Sprawozdawcze Zgromadzenie Krakowskiej Izby Adwokackiej&nbsp;<\/em><\/p>\n\n\n\n<p><em>w dniu 20 czerwca 2026 roku<\/em><\/p>\n\n\n\n<p>Z A W I A D O M I E N I E<\/p>\n\n\n\n<p>Na podstawie art. 39 pkt. 1 ustawy z dnia 26 maja 1982 r. Prawo o adwokaturze (tekst jednolity: Dz. U. z 2024 r. poz. 1564 z p\u00f3\u017an. zm.) \u00a7 8 ust. 1 pkt 2 Regulaminu Krajowego Zjazdu Adwokatury oraz zgromadze\u0144 izb adwokackich \u2013 uchwa\u0142a 9 wrze\u015bnia 2023 (za\u0142. do uchwa\u0142y nr&nbsp; 110\/2023 NRA) ze zm. uchwa\u0142a z 28 czerwca 2025 roku (za\u0142. do uchwa\u0142y nr 44\/2025) oraz Regulaminu w sprawie zasad wyboru delegat\u00f3w adwokat\u00f3w nie wykonuj\u0105cych zawodu na zgromadzenia izb adwokackich (uchwalonego przez NRA w dniu 28 lutego 1988 roku z p\u00f3\u017an. zm.) zwo\u0142uj\u0119 na dzie\u0144:<\/p>\n\n\n\n<p><strong>18 maja 2026 roku (poniedzia\u0142ek) na godz. 16.00<\/strong><\/p>\n\n\n\n<p>Zebranie adwokat\u00f3w Krakowskiej Izby Adwokackiej nie wykonuj\u0105cych zawodu<\/p>\n\n\n\n<p>w celu wyboru Delegat\u00f3w na Sprawozdawcze Zgromadzenie Krakowskiej Izby Adwokackiej<\/p>\n\n\n\n<p>w dniu 20 czerwca 2026 roku<\/p>\n\n\n\n<p>Zebranie odb\u0119dzie si\u0119 w formie stacjonarnej<\/p>\n\n\n\n<p>w siedzibie Klubu Adwokat\u00f3w KIA, ul. Batorego 17, III pi\u0119tro \u2013 sala 9<\/p>\n\n\n\n<p>Prosimy Pa\u0144stwa o niezawodne potwierdzenie przybycia na zebranie, telefonicznie <strong>731 117 006<\/strong> b\u0105d\u017a mailowo na adres <strong><a href=\"mailto:ora@adwokatura.krakow.pl\">ora@adwokatura.krakow.pl<\/a> do dnia 11.05.2026<\/strong><\/p>\n\n\n\n<p>Proponowany porz\u0105dek Zebrania:<\/p>\n\n\n\n<p>Otwarcie Zebrania.<\/p>\n\n\n\n<p>Wyb\u00f3r Przewodnicz\u0105cego i Sekretarza obrad.<\/p>\n\n\n\n<p>Zg\u0142aszanie kandydat\u00f3w na Delegat\u00f3w na Zgromadzenie Izby.<\/p>\n\n\n\n<p>Wyb\u00f3r Komisji Wyborczej i Skrutacyjnej.<\/p>\n\n\n\n<p>Ustalenie listy kandydat\u00f3w i dokonanie wyboru Delegat\u00f3w.<\/p>\n\n\n\n<p>Dyskusja.<\/p>\n\n\n\n<p>Og\u0142oszenie wynik\u00f3w wybor\u00f3w i zako\u0144czenie Zebrania.<\/p>\n\n\n\n<p>Zgodnie z \u00a7 5 powo\u0142anego na wst\u0119pie regulaminu, adwokaci nie wykonuj\u0105cy zawodu wybieraj\u0105 Delegat\u00f3w w stosunku do liczby obecnych na Zebraniu.<\/p>\n\n\n\n<p>W Krakowskiej Izbie Adwokackiej wybiera si\u0119 Delegat\u00f3w w stosunku jeden delegat na pi\u0119ciu uczestnicz\u0105cych w Zebraniu, poniewa\u017c liczba adwokat\u00f3w nie wykonuj\u0105cych zawodu przekracza 300 adwokat\u00f3w.<\/p>\n\n\n\n<p>Udzia\u0142 w Zebraniu jest dla adwokat\u00f3w nie wykonuj\u0105cych zawodu obowi\u0105zkowy. W razie zachodz\u0105cej przyczyny uniemo\u017cliwiaj\u0105cej przybycie na Zebranie, nieobecno\u015b\u0107 na Zebraniu prosz\u0119 usprawiedliwi\u0107 na pi\u015bmie.<\/p>\n\n\n\n<p><em>Dziekan ORA w Krakowie<\/em><\/p>\n\n\n\n<p><em>adw. Aleksander Gut<\/em><\/p>\n\n\n\n<p><em>Krakowska Izba Adwokacka<\/em><\/p>\n\n\n<div class=\"zalaczniki\">\n    \n    <div class=\"zalaczniki__wrap\">\n                        <div class=\"zalaczniki__single\">\n                <div class=\"zalaczniki__first\">\n                    <p class=\"zalaczniki__title\">\n                                                    ZAWIADOMIENIE                                            <\/p>\n                    <p class=\"zalaczniki__file-name\">\n                                                    SKM_C308_1_26042211340.pdf                                            <\/p>\n                <\/div>\n                <div class=\"zalaczniki__middle\">\n                                        <a href=\"https:\/\/adwokatura.krakow.pl\/adwokaci-i-aplikanci\/wp-content\/uploads\/sites\/2\/2026\/04\/SKM_C308_1_26042211340.pdf\">Zobacz plik<\/a>\n                                    <\/div>\n                <div class=\"zalaczniki__last\">\n                                        <a download href=\"https:\/\/adwokatura.krakow.pl\/adwokaci-i-aplikanci\/wp-content\/uploads\/sites\/2\/2026\/04\/SKM_C308_1_26042211340.pdf\">\n                            <img decoding=\"async\" src=\"https:\/\/adwokatura.krakow.pl\/adwokaci-i-aplikanci\/wp-content\/themes\/kia\/dist\/images\/download.svg\" alt=\"download\">\n                        <\/a>\n                                    <\/div>\n               \n            <\/div>\n                <\/div>\n<\/div>","protected":false},"excerpt":{"rendered":"<p>Szanowni Pa\u0144stwo Poni\u017cej tre\u015b\u0107 zawiadomienia dotycz\u0105ca Zebrania adwokat\u00f3w Krakowskiej Izby Adwokackiej nie wykonuj\u0105cych zawodu w celu wyboru Delegat\u00f3w na Sprawozdawcze Zgromadzenie Krakowskiej Izby Adwokackiej&nbsp; w dniu 20 czerwca 2026 roku Z A W I A D O M I E N I E Na podstawie art. 39 pkt. 1 ustawy z dnia 26 maja 1982 [&hellip;]<\/p>\n","protected":false},"author":9,"featured_media":0,"comment_status":"closed","ping_status":"closed","sticky":false,"template":"","format":"standard","meta":{"_acf_changed":false,"inline_featured_image":false,"footnotes":""},"categories":[6],"tags":[],"class_list":["post-7019","post","type-post","status-publish","format-standard","hentry","category-artykuly"],"acf":[],"_links":{"self":[{"href":"https:\/\/adwokatura.krakow.pl\/adwokaci-i-aplikanci\/wp-json\/wp\/v2\/posts\/7019","targetHints":{"allow":["GET"]}}],"collection":[{"href":"https:\/\/adwokatura.krakow.pl\/adwokaci-i-aplikanci\/wp-json\/wp\/v2\/posts"}],"about":[{"href":"https:\/\/adwokatura.krakow.pl\/adwokaci-i-aplikanci\/wp-json\/wp\/v2\/types\/post"}],"author":[{"embeddable":true,"href":"https:\/\/adwokatura.krakow.pl\/adwokaci-i-aplikanci\/wp-json\/wp\/v2\/users\/9"}],"replies":[{"embeddable":true,"href":"https:\/\/adwokatura.krakow.pl\/adwokaci-i-aplikanci\/wp-json\/wp\/v2\/comments?post=7019"}],"version-history":[{"count":1,"href":"https:\/\/adwokatura.krakow.pl\/adwokaci-i-aplikanci\/wp-json\/wp\/v2\/posts\/7019\/revisions"}],"predecessor-version":[{"id":7021,"href":"https:\/\/adwokatura.krakow.pl\/adwokaci-i-aplikanci\/wp-json\/wp\/v2\/posts\/7019\/revisions\/7021"}],"wp:attachment":[{"href":"https:\/\/adwokatura.krakow.pl\/adwokaci-i-aplikanci\/wp-json\/wp\/v2\/media?parent=7019"}],"wp:term":[{"taxonomy":"category","embeddable":true,"href":"https:\/\/adwokatura.krakow.pl\/adwokaci-i-aplikanci\/wp-json\/wp\/v2\/categories?post=7019"},{"taxonomy":"post_tag","embeddable":true,"href":"https:\/\/adwokatura.krakow.pl\/adwokaci-i-aplikanci\/wp-json\/wp\/v2\/tags?post=7019"}],"curies":[{"name":"wp","href":"https:\/\/api.w.org\/{rel}","templated":true}]}}