{"id":7022,"date":"2026-04-23T10:09:37","date_gmt":"2026-04-23T08:09:37","guid":{"rendered":"https:\/\/adwokatura.krakow.pl\/adwokaci-i-aplikanci\/?p=7022"},"modified":"2026-04-23T10:09:38","modified_gmt":"2026-04-23T08:09:38","slug":"szkolenie-pt-postepowanie-o-zatwierdzenie-ukladu-wybrane-zagadnienia","status":"publish","type":"post","link":"https:\/\/adwokatura.krakow.pl\/adwokaci-i-aplikanci\/szkolenie-pt-postepowanie-o-zatwierdzenie-ukladu-wybrane-zagadnienia\/","title":{"rendered":"Szkolenie pt. &#8222;Post\u0119powanie o zatwierdzenie uk\u0142adu \u2013 wybrane zagadnienia&#8221;."},"content":{"rendered":"\n<figure class=\"wp-block-image size-large is-resized\"><img loading=\"lazy\" decoding=\"async\" width=\"724\" height=\"1024\" src=\"https:\/\/adwokatura.krakow.pl\/adwokaci-i-aplikanci\/wp-content\/uploads\/sites\/2\/2026\/04\/679062035_1600832192045564_7043903508967850121_n-724x1024.jpg\" alt=\"\" class=\"wp-image-7023\" style=\"width:531px;height:auto\" srcset=\"https:\/\/adwokatura.krakow.pl\/adwokaci-i-aplikanci\/wp-content\/uploads\/sites\/2\/2026\/04\/679062035_1600832192045564_7043903508967850121_n-724x1024.jpg 724w, https:\/\/adwokatura.krakow.pl\/adwokaci-i-aplikanci\/wp-content\/uploads\/sites\/2\/2026\/04\/679062035_1600832192045564_7043903508967850121_n-212x300.jpg 212w, https:\/\/adwokatura.krakow.pl\/adwokaci-i-aplikanci\/wp-content\/uploads\/sites\/2\/2026\/04\/679062035_1600832192045564_7043903508967850121_n-768x1086.jpg 768w, https:\/\/adwokatura.krakow.pl\/adwokaci-i-aplikanci\/wp-content\/uploads\/sites\/2\/2026\/04\/679062035_1600832192045564_7043903508967850121_n-1086x1536.jpg 1086w, https:\/\/adwokatura.krakow.pl\/adwokaci-i-aplikanci\/wp-content\/uploads\/sites\/2\/2026\/04\/679062035_1600832192045564_7043903508967850121_n.jpg 1448w\" sizes=\"auto, (max-width: 724px) 100vw, 724px\" \/><\/figure>\n\n\n\n<p>W imieniu Sekcji praktyk\u00f3w prawa Upad\u0142o\u015bciowego i Restrukturyzacyjnego przy KIA zapraszamy na wyk\u0142ad<\/p>\n\n\n\n<p><img loading=\"lazy\" decoding=\"async\" height=\"16\" width=\"16\" alt=\"\ud83d\udcc6\" src=\"https:\/\/static.xx.fbcdn.net\/images\/emoji.php\/v9\/tff\/1\/16\/1f4c6.png\"> 28 kwietnia 2026<\/p>\n\n\n\n<p><img loading=\"lazy\" decoding=\"async\" height=\"16\" width=\"16\" alt=\"\u23f1\ufe0f\" src=\"https:\/\/static.xx.fbcdn.net\/images\/emoji.php\/v9\/tb5\/1\/16\/23f1.png\"> 17.00<\/p>\n\n\n\n<p><img loading=\"lazy\" decoding=\"async\" height=\"16\" width=\"16\" alt=\"\ud83d\udcec\" src=\"https:\/\/static.xx.fbcdn.net\/images\/emoji.php\/v9\/tea\/1\/16\/1f4ec.png\"> stacjonarnie B17 i online <img loading=\"lazy\" decoding=\"async\" height=\"16\" width=\"16\" alt=\"\ud83d\udc47\" src=\"https:\/\/static.xx.fbcdn.net\/images\/emoji.php\/v9\/t4f\/1\/16\/1f447.png\"><\/p>\n\n\n\n<p>Do\u0142\u0105cz do spotkania Zoom<\/p>\n\n\n<a class=\"button button--zielony-ze-strzalka\" href=\"https:\/\/us02web.zoom.us\/j\/81220316539?pwd=7EASrWQcfNqKglbKjLcq49IU7RwbW5.1&amp;fbclid=IwY2xjawRWsu5leHRuA2FlbQIxMABicmlkETBhMkFiSDFiMzVBc2xWUkJ6c3J0YwZhcHBfaWQQMjIyMDM5MTc4ODIwMDg5MgABHv2JwsjbaREbcu0vSo1UKa3ksZrWJrfWvnyVJiEvrE1x3eKO7kRVrrwhpp1o_aem_rcgLv0ClTyivwBdRLdvm8A#success\">\n        ZOOM<\/a>\n\n\n\n<p><em>Identyfikator spotkania: 812 2031 6539<\/em><\/p>\n\n\n\n<p><em>Kod dost\u0119pu: 102996<\/em><\/p>\n","protected":false},"excerpt":{"rendered":"<p>W imieniu Sekcji praktyk\u00f3w prawa Upad\u0142o\u015bciowego i Restrukturyzacyjnego przy KIA zapraszamy na wyk\u0142ad 28 kwietnia 2026 17.00 stacjonarnie B17 i online Do\u0142\u0105cz do spotkania Zoom Identyfikator spotkania: 812 2031 6539 Kod dost\u0119pu: 102996<\/p>\n","protected":false},"author":9,"featured_media":0,"comment_status":"closed","ping_status":"closed","sticky":false,"template":"","format":"standard","meta":{"_acf_changed":false,"inline_featured_image":false,"footnotes":""},"categories":[6],"tags":[],"class_list":["post-7022","post","type-post","status-publish","format-standard","hentry","category-artykuly"],"acf":[],"_links":{"self":[{"href":"https:\/\/adwokatura.krakow.pl\/adwokaci-i-aplikanci\/wp-json\/wp\/v2\/posts\/7022","targetHints":{"allow":["GET"]}}],"collection":[{"href":"https:\/\/adwokatura.krakow.pl\/adwokaci-i-aplikanci\/wp-json\/wp\/v2\/posts"}],"about":[{"href":"https:\/\/adwokatura.krakow.pl\/adwokaci-i-aplikanci\/wp-json\/wp\/v2\/types\/post"}],"author":[{"embeddable":true,"href":"https:\/\/adwokatura.krakow.pl\/adwokaci-i-aplikanci\/wp-json\/wp\/v2\/users\/9"}],"replies":[{"embeddable":true,"href":"https:\/\/adwokatura.krakow.pl\/adwokaci-i-aplikanci\/wp-json\/wp\/v2\/comments?post=7022"}],"version-history":[{"count":1,"href":"https:\/\/adwokatura.krakow.pl\/adwokaci-i-aplikanci\/wp-json\/wp\/v2\/posts\/7022\/revisions"}],"predecessor-version":[{"id":7024,"href":"https:\/\/adwokatura.krakow.pl\/adwokaci-i-aplikanci\/wp-json\/wp\/v2\/posts\/7022\/revisions\/7024"}],"wp:attachment":[{"href":"https:\/\/adwokatura.krakow.pl\/adwokaci-i-aplikanci\/wp-json\/wp\/v2\/media?parent=7022"}],"wp:term":[{"taxonomy":"category","embeddable":true,"href":"https:\/\/adwokatura.krakow.pl\/adwokaci-i-aplikanci\/wp-json\/wp\/v2\/categories?post=7022"},{"taxonomy":"post_tag","embeddable":true,"href":"https:\/\/adwokatura.krakow.pl\/adwokaci-i-aplikanci\/wp-json\/wp\/v2\/tags?post=7022"}],"curies":[{"name":"wp","href":"https:\/\/api.w.org\/{rel}","templated":true}]}}