{"id":7032,"date":"2026-04-24T11:33:38","date_gmt":"2026-04-24T09:33:38","guid":{"rendered":"https:\/\/adwokatura.krakow.pl\/adwokaci-i-aplikanci\/?p=7032"},"modified":"2026-04-24T11:34:07","modified_gmt":"2026-04-24T09:34:07","slug":"komunikat-termin-zgromadzenia-krakowskiej-izby-adwokackiej","status":"publish","type":"post","link":"https:\/\/adwokatura.krakow.pl\/adwokaci-i-aplikanci\/komunikat-termin-zgromadzenia-krakowskiej-izby-adwokackiej\/","title":{"rendered":"Komunikat &#8211; Termin Zgromadzenia Krakowskiej Izby Adwokackiej"},"content":{"rendered":"\n<figure class=\"wp-block-image size-large\"><img loading=\"lazy\" decoding=\"async\" width=\"1024\" height=\"683\" src=\"https:\/\/adwokatura.krakow.pl\/adwokaci-i-aplikanci\/wp-content\/uploads\/sites\/2\/2026\/04\/477796875_1216940820434705_5580494484899962914_n-1024x683.jpg\" alt=\"\" class=\"wp-image-7033\" srcset=\"https:\/\/adwokatura.krakow.pl\/adwokaci-i-aplikanci\/wp-content\/uploads\/sites\/2\/2026\/04\/477796875_1216940820434705_5580494484899962914_n-1024x683.jpg 1024w, https:\/\/adwokatura.krakow.pl\/adwokaci-i-aplikanci\/wp-content\/uploads\/sites\/2\/2026\/04\/477796875_1216940820434705_5580494484899962914_n-300x200.jpg 300w, https:\/\/adwokatura.krakow.pl\/adwokaci-i-aplikanci\/wp-content\/uploads\/sites\/2\/2026\/04\/477796875_1216940820434705_5580494484899962914_n-768x512.jpg 768w, https:\/\/adwokatura.krakow.pl\/adwokaci-i-aplikanci\/wp-content\/uploads\/sites\/2\/2026\/04\/477796875_1216940820434705_5580494484899962914_n-1536x1024.jpg 1536w, https:\/\/adwokatura.krakow.pl\/adwokaci-i-aplikanci\/wp-content\/uploads\/sites\/2\/2026\/04\/477796875_1216940820434705_5580494484899962914_n.jpg 2048w\" sizes=\"auto, (max-width: 1024px) 100vw, 1024px\" \/><\/figure>\n\n\n\n<p><\/p>\n\n\n\n<p>Szanowne Kole\u017canki i Szanowni Koledzy<\/p>\n\n\n\n<p>W imieniu Okr\u0119gowej Rady Adwokackiej w Krakowie mam zaszczyt poinformowa\u0107 Pa\u0144stwa, \u017ce tegoroczne Zwyczajne Zgromadzenie Krakowskiej Izby zosta\u0142o zwo\u0142ane jednog\u0142o\u015bnie uchwa\u0142\u0105 Okr\u0119gowej Rady Adwokackiej w Krakowie <strong>na dzie\u0144 20 czerwca 2026 roku na godz. 9.30.<\/strong><\/p>\n\n\n\n<p>Dla naszego \u015brodowiska jest to najwa\u017cniejsze doroczne wydarzenie, stanowi\u0105ce okazj\u0119 do podsumowania minionego roku sprawozdawczego oraz podj\u0119cia kluczowych decyzji dotycz\u0105cych funkcjonowania samorz\u0105du jak i wsp\u00f3lnego spotkania.<\/p>\n\n\n\n<p>Z pe\u0142nym przekonaniem pragn\u0119 <strong>zapewni\u0107, i\u017c termin zosta\u0142 dobrany tak aby umo\u017cliwi\u0107 jak najliczniejszy udzia\u0142 Kole\u017canek i Koleg\u00f3w w Zgromadzeniu Izby.<\/strong><\/p>\n\n\n\n<p>Jednocze\u015bnie pragniemy przypomnie\u0107, \u017ce udzia\u0142 w Zgromadzeniu Izby Adwokackiej, zgodnie z przepisami Prawa o adwokaturze oraz etyk\u0105 zawodu, jest <strong>obowi\u0105zkowy<\/strong>. Ze wzgl\u0119du na obligatoryjny charakter wydarzenia, zwracamy si\u0119 z uprzejm\u0105 pro\u015bb\u0105 o odpowiednio wczesne zaplanowanie obowi\u0105zk\u00f3w zawodowych oraz niezawodne zarezerwowanie tego terminu w Pa\u0144stwa kalendarzach:<\/p>\n\n\n\n<ul class=\"wp-block-list\">\n<li><strong>data:<\/strong> \u00a0\u00a0\u00a0\u00a0\u00a0\u00a0\u00a0\u00a0\u00a0\u00a0\u00a0\u00a0\u00a0\u00a0\u00a0\u00a0\u00a0\u00a0\u00a0\u00a0 20 CZERWCA 2026 ROKU<\/li>\n\n\n\n<li><strong>godzina:<\/strong> \u00a0\u00a0\u00a0\u00a0\u00a0\u00a0\u00a0\u00a0\u00a0\u00a0\u00a0\u00a0\u00a0\u00a0 9.30<\/li>\n\n\n\n<li><strong>miejsce:<\/strong> \u00a0\u00a0\u00a0\u00a0\u00a0\u00a0\u00a0\u00a0\u00a0\u00a0\u00a0\u00a0\u00a0\u00a0 SALA AUDYTORYJNA W BUDYNKU <strong>U2<\/strong> AKADEMII G\u00d3RNICZO-HUTNICZEJ<\/li>\n<\/ul>\n\n\n\n<p>ul. Reymonta 7, Krak\u00f3w <strong><em>lub<\/em><\/strong> ON LINE<\/p>\n\n\n\n<p>Zawiadomienie o zwo\u0142aniu Zgromadzenia, szczeg\u00f3\u0142owy porz\u0105dek obrad oraz materia\u0142y sprawozdawcze zostan\u0105 do Pa\u0144stwa przes\u0142ane w ustawowym terminie w odr\u0119bnej korespondencji.<\/p>\n\n\n\n<p><\/p>\n\n\n\n<p><em>Z kole\u017ce\u0144skimi pozdrowieniami<\/em><\/p>\n\n\n\n<p><em>adw. Aleksander Gut<\/em><\/p>\n\n\n\n<p><em>Dziekan Okr\u0119gowej Rady Adwokackiej w Krakowie<\/em><\/p>\n\n\n\n<p><\/p>\n","protected":false},"excerpt":{"rendered":"<p>Szanowne Kole\u017canki i Szanowni Koledzy W imieniu Okr\u0119gowej Rady Adwokackiej w Krakowie mam zaszczyt poinformowa\u0107 Pa\u0144stwa, \u017ce tegoroczne Zwyczajne Zgromadzenie Krakowskiej Izby zosta\u0142o zwo\u0142ane jednog\u0142o\u015bnie uchwa\u0142\u0105 Okr\u0119gowej Rady Adwokackiej w Krakowie na dzie\u0144 20 czerwca 2026 roku na godz. 9.30. Dla naszego \u015brodowiska jest to najwa\u017cniejsze doroczne wydarzenie, stanowi\u0105ce okazj\u0119 do podsumowania minionego roku sprawozdawczego [&hellip;]<\/p>\n","protected":false},"author":9,"featured_media":0,"comment_status":"closed","ping_status":"closed","sticky":false,"template":"","format":"standard","meta":{"_acf_changed":false,"inline_featured_image":false,"footnotes":""},"categories":[6],"tags":[],"class_list":["post-7032","post","type-post","status-publish","format-standard","hentry","category-artykuly"],"acf":[],"_links":{"self":[{"href":"https:\/\/adwokatura.krakow.pl\/adwokaci-i-aplikanci\/wp-json\/wp\/v2\/posts\/7032","targetHints":{"allow":["GET"]}}],"collection":[{"href":"https:\/\/adwokatura.krakow.pl\/adwokaci-i-aplikanci\/wp-json\/wp\/v2\/posts"}],"about":[{"href":"https:\/\/adwokatura.krakow.pl\/adwokaci-i-aplikanci\/wp-json\/wp\/v2\/types\/post"}],"author":[{"embeddable":true,"href":"https:\/\/adwokatura.krakow.pl\/adwokaci-i-aplikanci\/wp-json\/wp\/v2\/users\/9"}],"replies":[{"embeddable":true,"href":"https:\/\/adwokatura.krakow.pl\/adwokaci-i-aplikanci\/wp-json\/wp\/v2\/comments?post=7032"}],"version-history":[{"count":2,"href":"https:\/\/adwokatura.krakow.pl\/adwokaci-i-aplikanci\/wp-json\/wp\/v2\/posts\/7032\/revisions"}],"predecessor-version":[{"id":7035,"href":"https:\/\/adwokatura.krakow.pl\/adwokaci-i-aplikanci\/wp-json\/wp\/v2\/posts\/7032\/revisions\/7035"}],"wp:attachment":[{"href":"https:\/\/adwokatura.krakow.pl\/adwokaci-i-aplikanci\/wp-json\/wp\/v2\/media?parent=7032"}],"wp:term":[{"taxonomy":"category","embeddable":true,"href":"https:\/\/adwokatura.krakow.pl\/adwokaci-i-aplikanci\/wp-json\/wp\/v2\/categories?post=7032"},{"taxonomy":"post_tag","embeddable":true,"href":"https:\/\/adwokatura.krakow.pl\/adwokaci-i-aplikanci\/wp-json\/wp\/v2\/tags?post=7032"}],"curies":[{"name":"wp","href":"https:\/\/api.w.org\/{rel}","templated":true}]}}