{"id":7036,"date":"2026-04-27T13:51:29","date_gmt":"2026-04-27T11:51:29","guid":{"rendered":"https:\/\/adwokatura.krakow.pl\/adwokaci-i-aplikanci\/?p=7036"},"modified":"2026-04-27T13:51:29","modified_gmt":"2026-04-27T11:51:29","slug":"start-rekrutacji-do-vii-edycji-programu-mentoringowego-fundacja-women-in-law","status":"publish","type":"post","link":"https:\/\/adwokatura.krakow.pl\/adwokaci-i-aplikanci\/start-rekrutacji-do-vii-edycji-programu-mentoringowego-fundacja-women-in-law\/","title":{"rendered":"Start rekrutacji do VII edycji programu mentoringowego &#8211; Fundacja Women in Law"},"content":{"rendered":"\n<figure class=\"wp-block-image size-large is-resized\"><img loading=\"lazy\" decoding=\"async\" width=\"819\" height=\"1024\" src=\"https:\/\/adwokatura.krakow.pl\/adwokaci-i-aplikanci\/wp-content\/uploads\/sites\/2\/2026\/04\/ruszyla-rekrutacja-819x1024.png\" alt=\"\" class=\"wp-image-7037\" style=\"width:632px;height:auto\" srcset=\"https:\/\/adwokatura.krakow.pl\/adwokaci-i-aplikanci\/wp-content\/uploads\/sites\/2\/2026\/04\/ruszyla-rekrutacja-819x1024.png 819w, https:\/\/adwokatura.krakow.pl\/adwokaci-i-aplikanci\/wp-content\/uploads\/sites\/2\/2026\/04\/ruszyla-rekrutacja-240x300.png 240w, https:\/\/adwokatura.krakow.pl\/adwokaci-i-aplikanci\/wp-content\/uploads\/sites\/2\/2026\/04\/ruszyla-rekrutacja-768x960.png 768w, https:\/\/adwokatura.krakow.pl\/adwokaci-i-aplikanci\/wp-content\/uploads\/sites\/2\/2026\/04\/ruszyla-rekrutacja.png 1080w\" sizes=\"auto, (max-width: 819px) 100vw, 819px\" \/><\/figure>\n\n\n\n<p>Szanowni Pa\u0144stwo,<\/p>\n\n\n\n<p>W imieniu <strong>Fundacji Women in Law<\/strong> informuj\u0119 o rozpocz\u0119ciu rekrutacji do <strong>VII edycji Programu Mentoringowego<\/strong> dla m\u0142odych prawniczek.<\/p>\n\n\n\n<p>Za\u0142o\u017cenia Programu opieraj\u0105 si\u0119 na indywidualnej wsp\u00f3\u0142pracy mentee z do\u015bwiadczon\u0105 mentork\u0105 b\u0105d\u017a mentorem i wsparciem rozwoju zawodowego uczestniczek, w szczeg\u00f3lno\u015bci w zakresie planowania kariery oraz rozwoju kompetencji praktycznych. <strong>VII edycja programu b\u0119dzie realizowana od czerwca 2026 r. do stycznia 2027 r.<\/strong><\/p>\n\n\n\n<p>Do udzia\u0142u zapraszamy w szczeg\u00f3lno\u015bci&nbsp;aplikantki oraz prawniczki z uprawnieniami.&nbsp;<\/p>\n\n\n\n<p>W ramach programu odb\u0119d\u0105 si\u0119 r\u00f3wnie\u017c spotkania merytoryczno-networkingowe. W tej edycji rozszerzamy nasz\u0105 ofert\u0119 szkole\u0144 wewn\u0119trznych, przeznaczonych wy\u0142\u0105cznie dla uczestniczek programu, o nowe, niszowe zagadnienia realizowane przez ekspert\u00f3w w swoich dziedzinach.<\/p>\n\n\n\n<p>Program obejmuje m.in. warsztaty rozwojowe i technologiczne, takie jak \u201eCreate Your Future\u201d, po\u015bwi\u0119cony budowaniu spe\u0142nienia zawodowego i osobistego, czy szkolenie dotycz\u0105ce wykorzystania narz\u0119dzi AI (Copilot) w pracy prawnika. Uczestniczki mog\u0105 tak\u017ce zg\u0142\u0119bi\u0107 temat tzw. halucynacji AI oraz nauczy\u0107 si\u0119 skutecznej komunikacji z osobami neuror\u00f3\u017cnorodnymi. Uzupe\u0142nieniem programu s\u0105 spotkania superwizyjne, wspieraj\u0105ce rozw\u00f3j w roli mentora.<\/p>\n\n\n\n<p><strong>Rekrutacja trwa do 9 maja 2026 r.<\/strong><br>Szczeg\u00f3\u0142y:<br><a href=\"http:\/\/www.womeninlaw.pl\/\" target=\"_blank\" rel=\"noreferrer noopener\">www.womeninlaw.pl<\/a><br><a href=\"https:\/\/app.mentiway.com\/women-in-law\/2026\" target=\"_blank\" rel=\"noreferrer noopener\">https:\/\/app.mentiway.com\/women-in-law\/2026<\/a>&nbsp;<\/p>\n\n\n\n<p><em>Z wyrazami szacunku<\/em><br><em>Filip Zawada<\/em><\/p>\n\n\n\n<p><em>Koordynator wydarze\u0144 Fundacji<\/em><\/p>\n","protected":false},"excerpt":{"rendered":"<p>Szanowni Pa\u0144stwo, W imieniu Fundacji Women in Law informuj\u0119 o rozpocz\u0119ciu rekrutacji do VII edycji Programu Mentoringowego dla m\u0142odych prawniczek. Za\u0142o\u017cenia Programu opieraj\u0105 si\u0119 na indywidualnej wsp\u00f3\u0142pracy mentee z do\u015bwiadczon\u0105 mentork\u0105 b\u0105d\u017a mentorem i wsparciem rozwoju zawodowego uczestniczek, w szczeg\u00f3lno\u015bci w zakresie planowania kariery oraz rozwoju kompetencji praktycznych. VII edycja programu b\u0119dzie realizowana od czerwca [&hellip;]<\/p>\n","protected":false},"author":9,"featured_media":0,"comment_status":"closed","ping_status":"closed","sticky":false,"template":"","format":"standard","meta":{"_acf_changed":false,"inline_featured_image":false,"footnotes":""},"categories":[6],"tags":[],"class_list":["post-7036","post","type-post","status-publish","format-standard","hentry","category-artykuly"],"acf":[],"_links":{"self":[{"href":"https:\/\/adwokatura.krakow.pl\/adwokaci-i-aplikanci\/wp-json\/wp\/v2\/posts\/7036","targetHints":{"allow":["GET"]}}],"collection":[{"href":"https:\/\/adwokatura.krakow.pl\/adwokaci-i-aplikanci\/wp-json\/wp\/v2\/posts"}],"about":[{"href":"https:\/\/adwokatura.krakow.pl\/adwokaci-i-aplikanci\/wp-json\/wp\/v2\/types\/post"}],"author":[{"embeddable":true,"href":"https:\/\/adwokatura.krakow.pl\/adwokaci-i-aplikanci\/wp-json\/wp\/v2\/users\/9"}],"replies":[{"embeddable":true,"href":"https:\/\/adwokatura.krakow.pl\/adwokaci-i-aplikanci\/wp-json\/wp\/v2\/comments?post=7036"}],"version-history":[{"count":1,"href":"https:\/\/adwokatura.krakow.pl\/adwokaci-i-aplikanci\/wp-json\/wp\/v2\/posts\/7036\/revisions"}],"predecessor-version":[{"id":7038,"href":"https:\/\/adwokatura.krakow.pl\/adwokaci-i-aplikanci\/wp-json\/wp\/v2\/posts\/7036\/revisions\/7038"}],"wp:attachment":[{"href":"https:\/\/adwokatura.krakow.pl\/adwokaci-i-aplikanci\/wp-json\/wp\/v2\/media?parent=7036"}],"wp:term":[{"taxonomy":"category","embeddable":true,"href":"https:\/\/adwokatura.krakow.pl\/adwokaci-i-aplikanci\/wp-json\/wp\/v2\/categories?post=7036"},{"taxonomy":"post_tag","embeddable":true,"href":"https:\/\/adwokatura.krakow.pl\/adwokaci-i-aplikanci\/wp-json\/wp\/v2\/tags?post=7036"}],"curies":[{"name":"wp","href":"https:\/\/api.w.org\/{rel}","templated":true}]}}