{"id":7057,"date":"2026-04-30T10:08:38","date_gmt":"2026-04-30T08:08:38","guid":{"rendered":"https:\/\/adwokatura.krakow.pl\/adwokaci-i-aplikanci\/?p=7057"},"modified":"2026-04-30T10:08:39","modified_gmt":"2026-04-30T08:08:39","slug":"xlviii-mistrzostwa-polski-adwokatow-w-tenisie","status":"publish","type":"post","link":"https:\/\/adwokatura.krakow.pl\/adwokaci-i-aplikanci\/xlviii-mistrzostwa-polski-adwokatow-w-tenisie\/","title":{"rendered":"XLVIII Mistrzostwa Polski Adwokat\u00f3w w tenisie"},"content":{"rendered":"\n<figure class=\"wp-block-image size-full\"><img loading=\"lazy\" decoding=\"async\" width=\"540\" height=\"675\" src=\"https:\/\/adwokatura.krakow.pl\/adwokaci-i-aplikanci\/wp-content\/uploads\/sites\/2\/2026\/04\/Mistrzostwa-Polski-Adwokatow-w-tenisie.png\" alt=\"\" class=\"wp-image-7058\" srcset=\"https:\/\/adwokatura.krakow.pl\/adwokaci-i-aplikanci\/wp-content\/uploads\/sites\/2\/2026\/04\/Mistrzostwa-Polski-Adwokatow-w-tenisie.png 540w, https:\/\/adwokatura.krakow.pl\/adwokaci-i-aplikanci\/wp-content\/uploads\/sites\/2\/2026\/04\/Mistrzostwa-Polski-Adwokatow-w-tenisie-240x300.png 240w\" sizes=\"auto, (max-width: 540px) 100vw, 540px\" \/><\/figure>\n\n\n\n<p>Szanowni Kole\u017canki i Koledzy,<\/p>\n\n\n\n<p>Pomorska Izba Adwokacka wraz z Komisj\u0105&nbsp;Integracji \u015arodowiskowej, Kultury, Sportu i Turystyki przy Naczelnej Radzie Adwokackiej&nbsp;serdecznie zaprasza Adwokat\u00f3w i Aplikant\u00f3w Adwokackich do udzia\u0142u w XLVIII Mistrzostwach Polski Adwokat\u00f3w w tenisie, kt\u00f3re odb\u0119d\u0105 si\u0119 w dniach 4-6 czerwca 2026 roku na kortach tenisowych ,,Arka\u201d w Gdyni.<\/p>\n\n\n\n<p>Termin zg\u0142osze\u0144 up\u0142ywa w dniu 20 maja 2026 roku.&nbsp;<\/p>\n\n\n\n<p>Zg\u0142osze\u0144 mo\u017cna dokonywa\u0107:&nbsp;<\/p>\n\n\n\n<ol start=\"1\" class=\"wp-block-list\">\n<li>wype\u0142niaj\u0105c\u00a0<strong>formularz tradycyjny\u00a0<\/strong>(stanowi\u0105cy za\u0142\u0105cznik do niniejszej wiadomo\u015bci) i wysy\u0142aj\u0105c go poczt\u0105 elektroniczn\u0105 na adres:\u00a0<a href=\"mailto:ora@adwokatura.gdansk.pl\" target=\"_blank\" rel=\"noreferrer noopener\">ora@adwokatura.gdansk.pl<\/a>.\u00a0<\/li>\n\n\n\n<li>wype\u0142niaj\u0105c\u00a0<strong>formularz zg\u0142oszeniowy online\u00a0<\/strong>dost\u0119pny pod linkiem:<strong>\u00a0<a href=\"https:\/\/forms.gle\/F4n9Pqjma2M45xkm7\">https:\/\/forms.gle\/F4n9Pqjma2M45xkm7<\/a><\/strong><\/li>\n<\/ol>\n\n\n\n<p>Szczeg\u00f3\u0142owe informacje o turnieju znajdziecie Pa\u0144stwo w za\u0142\u0105czonym komunikacie turniejowym oraz na stronie internetowej Pomorskiej Izby Adwokackiej (<a href=\"http:\/\/www.adwokatura.gdansk.pl\/\" target=\"_blank\" rel=\"noreferrer noopener\">www.adwokatura.gdansk.pl<\/a>).<\/p>\n\n\n\n<p>W razie jakichkolwiek pyta\u0144 pozostajemy do dyspozycji:<\/p>\n\n\n\n<p><em><strong>adw. Bart\u0142omiej Witucki\u00a0<\/strong>(tel. kom. 606 480 285)<\/em><\/p>\n\n\n\n<p><em>Email:<strong>\u00a0<a href=\"mailto:b.witucki@safjan-witucki.p\">b.witucki@safjan-witucki.p<\/a>l<\/strong><\/em><\/p>\n\n\n\n<p><em>Serdecznie zapraszamy!<\/em><\/p>\n\n\n\n<p><em>Komitet Organizacyjny<\/em><\/p>\n\n\n\n<p><em>XLVIII Mistrzostw Polski Adwokat\u00f3w w tenisie<\/em><\/p>\n","protected":false},"excerpt":{"rendered":"<p>Szanowni Kole\u017canki i Koledzy, Pomorska Izba Adwokacka wraz z Komisj\u0105&nbsp;Integracji \u015arodowiskowej, Kultury, Sportu i Turystyki przy Naczelnej Radzie Adwokackiej&nbsp;serdecznie zaprasza Adwokat\u00f3w i Aplikant\u00f3w Adwokackich do udzia\u0142u w XLVIII Mistrzostwach Polski Adwokat\u00f3w w tenisie, kt\u00f3re odb\u0119d\u0105 si\u0119 w dniach 4-6 czerwca 2026 roku na kortach tenisowych ,,Arka\u201d w Gdyni. Termin zg\u0142osze\u0144 up\u0142ywa w dniu 20 maja [&hellip;]<\/p>\n","protected":false},"author":9,"featured_media":0,"comment_status":"closed","ping_status":"closed","sticky":false,"template":"","format":"standard","meta":{"_acf_changed":false,"inline_featured_image":false,"footnotes":""},"categories":[6],"tags":[],"class_list":["post-7057","post","type-post","status-publish","format-standard","hentry","category-artykuly"],"acf":[],"_links":{"self":[{"href":"https:\/\/adwokatura.krakow.pl\/adwokaci-i-aplikanci\/wp-json\/wp\/v2\/posts\/7057","targetHints":{"allow":["GET"]}}],"collection":[{"href":"https:\/\/adwokatura.krakow.pl\/adwokaci-i-aplikanci\/wp-json\/wp\/v2\/posts"}],"about":[{"href":"https:\/\/adwokatura.krakow.pl\/adwokaci-i-aplikanci\/wp-json\/wp\/v2\/types\/post"}],"author":[{"embeddable":true,"href":"https:\/\/adwokatura.krakow.pl\/adwokaci-i-aplikanci\/wp-json\/wp\/v2\/users\/9"}],"replies":[{"embeddable":true,"href":"https:\/\/adwokatura.krakow.pl\/adwokaci-i-aplikanci\/wp-json\/wp\/v2\/comments?post=7057"}],"version-history":[{"count":1,"href":"https:\/\/adwokatura.krakow.pl\/adwokaci-i-aplikanci\/wp-json\/wp\/v2\/posts\/7057\/revisions"}],"predecessor-version":[{"id":7059,"href":"https:\/\/adwokatura.krakow.pl\/adwokaci-i-aplikanci\/wp-json\/wp\/v2\/posts\/7057\/revisions\/7059"}],"wp:attachment":[{"href":"https:\/\/adwokatura.krakow.pl\/adwokaci-i-aplikanci\/wp-json\/wp\/v2\/media?parent=7057"}],"wp:term":[{"taxonomy":"category","embeddable":true,"href":"https:\/\/adwokatura.krakow.pl\/adwokaci-i-aplikanci\/wp-json\/wp\/v2\/categories?post=7057"},{"taxonomy":"post_tag","embeddable":true,"href":"https:\/\/adwokatura.krakow.pl\/adwokaci-i-aplikanci\/wp-json\/wp\/v2\/tags?post=7057"}],"curies":[{"name":"wp","href":"https:\/\/api.w.org\/{rel}","templated":true}]}}