{"id":7060,"date":"2026-04-30T10:11:31","date_gmt":"2026-04-30T08:11:31","guid":{"rendered":"https:\/\/adwokatura.krakow.pl\/adwokaci-i-aplikanci\/?p=7060"},"modified":"2026-04-30T10:11:32","modified_gmt":"2026-04-30T08:11:32","slug":"zaproszenie-do-udzialu-w-szkoleniu-wyjazdowym-do-szklarskiej-poreby-28-30-05-2026-r","status":"publish","type":"post","link":"https:\/\/adwokatura.krakow.pl\/adwokaci-i-aplikanci\/zaproszenie-do-udzialu-w-szkoleniu-wyjazdowym-do-szklarskiej-poreby-28-30-05-2026-r\/","title":{"rendered":"Zaproszenie do udzia\u0142u w szkoleniu wyjazdowym do Szklarskiej Por\u0119by \/ 28-30.05.2026 r."},"content":{"rendered":"\n<p>Okr\u0119gowa Rada Adwokacka w Wa\u0142brzychu oraz Komisji Doskonalenia Zawodowego serdecznie zaprasza oraz informuje o organizowanym szkoleniu zawodowym w Szklarskiej Por\u0119bie w dniach 28-30 maja 2026 r. oraz mo\u017cliwo\u015bci dokonywania zg\u0142osze\u0144 uczestnictwa przez Kole\u017canki i Koleg\u00f3w spoza Izby Adwokackiej w Wa\u0142brzychu w nieprzekraczalnym terminie do 5 maja 2026 r. &nbsp;poprzez nades\u0142anie za\u0142\u0105czonego formularza zg\u0142oszeniowego<\/p>\n\n\n\n<p>Szczeg\u00f3\u0142y organizowanego wydarzenia poni\u017cej.<\/p>\n\n\n<a class=\"button button--zielony-ze-strzalka\" href=\"https:\/\/www.ora.rzeszow.pl\/zaproszenie-do-udzialu-w-szkoleniu-wyjazdowym-do-szklarskiej-poreby-28-30-05-2026-r\/2026\/04\/29\">\n        SZCZEG\u00d3\u0141Y<\/a>\n","protected":false},"excerpt":{"rendered":"<p>Okr\u0119gowa Rada Adwokacka w Wa\u0142brzychu oraz Komisji Doskonalenia Zawodowego serdecznie zaprasza oraz informuje o organizowanym szkoleniu zawodowym w Szklarskiej Por\u0119bie w dniach 28-30 maja 2026 r. oraz mo\u017cliwo\u015bci dokonywania zg\u0142osze\u0144 uczestnictwa przez Kole\u017canki i Koleg\u00f3w spoza Izby Adwokackiej w Wa\u0142brzychu w nieprzekraczalnym terminie do 5 maja 2026 r. &nbsp;poprzez nades\u0142anie za\u0142\u0105czonego formularza zg\u0142oszeniowego Szczeg\u00f3\u0142y organizowanego [&hellip;]<\/p>\n","protected":false},"author":9,"featured_media":0,"comment_status":"closed","ping_status":"closed","sticky":false,"template":"","format":"standard","meta":{"_acf_changed":false,"inline_featured_image":false,"footnotes":""},"categories":[6],"tags":[],"class_list":["post-7060","post","type-post","status-publish","format-standard","hentry","category-artykuly"],"acf":[],"_links":{"self":[{"href":"https:\/\/adwokatura.krakow.pl\/adwokaci-i-aplikanci\/wp-json\/wp\/v2\/posts\/7060","targetHints":{"allow":["GET"]}}],"collection":[{"href":"https:\/\/adwokatura.krakow.pl\/adwokaci-i-aplikanci\/wp-json\/wp\/v2\/posts"}],"about":[{"href":"https:\/\/adwokatura.krakow.pl\/adwokaci-i-aplikanci\/wp-json\/wp\/v2\/types\/post"}],"author":[{"embeddable":true,"href":"https:\/\/adwokatura.krakow.pl\/adwokaci-i-aplikanci\/wp-json\/wp\/v2\/users\/9"}],"replies":[{"embeddable":true,"href":"https:\/\/adwokatura.krakow.pl\/adwokaci-i-aplikanci\/wp-json\/wp\/v2\/comments?post=7060"}],"version-history":[{"count":1,"href":"https:\/\/adwokatura.krakow.pl\/adwokaci-i-aplikanci\/wp-json\/wp\/v2\/posts\/7060\/revisions"}],"predecessor-version":[{"id":7061,"href":"https:\/\/adwokatura.krakow.pl\/adwokaci-i-aplikanci\/wp-json\/wp\/v2\/posts\/7060\/revisions\/7061"}],"wp:attachment":[{"href":"https:\/\/adwokatura.krakow.pl\/adwokaci-i-aplikanci\/wp-json\/wp\/v2\/media?parent=7060"}],"wp:term":[{"taxonomy":"category","embeddable":true,"href":"https:\/\/adwokatura.krakow.pl\/adwokaci-i-aplikanci\/wp-json\/wp\/v2\/categories?post=7060"},{"taxonomy":"post_tag","embeddable":true,"href":"https:\/\/adwokatura.krakow.pl\/adwokaci-i-aplikanci\/wp-json\/wp\/v2\/tags?post=7060"}],"curies":[{"name":"wp","href":"https:\/\/api.w.org\/{rel}","templated":true}]}}